[{"@context":"https:\/\/schema.org\/","@type":"Article","@id":"https:\/\/www.soszs.cz\/vyjit-do-normalniho-zivota\/#Article","mainEntityOfPage":"https:\/\/www.soszs.cz\/vyjit-do-normalniho-zivota\/","headline":"Vyj\u00edt do norm\u00e1ln\u00edho \u017eivota","name":"Vyj\u00edt do norm\u00e1ln\u00edho \u017eivota","description":"\u017divot v azylov\u00e9m dom\u011b je pro mnoh\u00e9 \u017eeny i d\u011bti je\u0161t\u011b hor\u0161\u00ed z\u00e1\u017eitek ne\u017e samotn\u00fd&#8230;<div class=\"more-link-wrapper\"><a class=\"more-link\" href=\"https:\/\/www.soszs.cz\/vyjit-do-normalniho-zivota\/\">\u010c\u00edst cel\u00fd \u010dl\u00e1nek<span class=\"screen-reader-text\">Vyj\u00edt do norm\u00e1ln\u00edho \u017eivota<\/span><\/a><\/div>","datePublished":"2025-03-03","dateModified":"2023-04-29","author":{"@type":"Person","@id":"https:\/\/www.soszs.cz\/author\/#Person","name":"soszs.cz\n","url":"https:\/\/www.soszs.cz\/author\/","identifier":1,"image":{"@type":"ImageObject","@id":"https:\/\/secure.gravatar.com\/avatar\/f7320ca526354d2794ceb75173050bfa147af8617816df401a16569341b5fbaf?s=96&d=mm&r=g","url":"https:\/\/secure.gravatar.com\/avatar\/f7320ca526354d2794ceb75173050bfa147af8617816df401a16569341b5fbaf?s=96&d=mm&r=g","height":96,"width":96}},"publisher":{"@type":"Organization","name":"soszs.cz","logo":{"@type":"ImageObject","@id":"\/logo.png","url":"\/logo.png","width":600,"height":60}},"image":{"@type":"ImageObject","@id":"https:\/\/www.soszs.cz\/wp-content\/uploads\/img_a295957_w2002_t1507302001.jpg","url":"https:\/\/www.soszs.cz\/wp-content\/uploads\/img_a295957_w2002_t1507302001.jpg","height":0,"width":0},"url":"https:\/\/www.soszs.cz\/vyjit-do-normalniho-zivota\/","about":["Bydlen\u00ed"],"wordCount":417,"articleBody":"\u017divot v azylov\u00e9m dom\u011b je pro mnoh\u00e9 \u017eeny i d\u011bti je\u0161t\u011b hor\u0161\u00ed z\u00e1\u017eitek ne\u017e samotn\u00fd z\u00e1\u017eitek s dom\u00e1c\u00edm n\u00e1sil\u00edm. Kdy\u017e u\u017e se v azylov\u00e9m dom\u011b \u017eena ocitne, je jist\u011b \u017e\u00e1douc\u00ed, aby si \u017eena dok\u00e1zala co nejd\u0159\u00edve naj\u00edt pro sebe a sv\u00e9 d\u00edt\u011b \u010di d\u011btinov\u00e9 d\u016fstojn\u00e9 bydlen\u00ed. Nen\u00ed to rozhodn\u011b snadn\u00e9. \u010casto \u017eena nepob\u00edr\u00e1 od b\u00fdval\u00e9ho man\u017eela \u017e\u00e1dn\u00e9 v\u00fd\u017eivn\u00e9, je bu\u010f na takzvan\u00e9 mate\u0159sk\u00e9 dovolen\u00e9, nebo velmi \u010dasto nezam\u011bstnan\u00e1. Je odk\u00e1z\u00e1na na soci\u00e1ln\u00ed d\u00e1vky a to rozhodn\u011b nen\u00ed pro start do \u017eivota optim\u00e1ln\u00ed.Jak za\u010d\u00edt znovu?St\u00e1v\u00e1 se, \u017ee se n\u011bkdy dv\u011b \u017eeny v azylov\u00e9m dom\u011b natolik sbl\u00ed\u017e\u00ed, \u017ee se rozhodnou za\u010d\u00edt spole\u010dn\u011b a pronajmou si byt. Nejedn\u00e1 se p\u0159itom o partnerstv\u00ed v lesbick\u00e9m slova smyslu, ale o p\u0159\u00e1telstv\u00ed zalo\u017een\u00e9 na zdrav\u00e9m pragmatismu. Uv\u011bdomme si, jak\u00e9 \u017eeny obvykle \u017eij\u00ed v azylov\u00fdch domech. Jednak jsou to notorick\u00e9 obyvatelky, kter\u00e9 v podstat\u011b putuj\u00ed i s d\u011btmi z jednoho azylov\u00e9ho domu do druh\u00e9ho a vlastn\u011b ani nemaj\u00ed p\u0159\u00edli\u0161 velkou v\u016fli svou situaci \u0159e\u0161it, \u010dasto se jedn\u00e1 o \u017eeny probl\u00e9mov\u00e9 z\u00e1visl\u00e9 na drog\u00e1ch \u010di alkoholu, d\u00e1le jsou to \u017eeny velmi submisivn\u00ed, kter\u00e9 se staly ob\u011bt\u00ed dom\u00e1c\u00edho n\u00e1sil\u00ed a nemaj\u00ed p\u0159\u00edli\u0161 mnoho odhodl\u00e1n\u00ed za\u010d\u00edt znovu a pak je zde n\u011bkolik siln\u011bj\u0161\u00edch \u017eensk\u00fdch jedinc\u016f, kte\u0159\u00ed maj\u00ed nesm\u00edrnou motivaci za\u010d\u00edt znovu.\u00a0\tZa\u010d\u00edt znovu ve spole\u010dn\u00e9 dom\u00e1cnostiPokud za\u010dnou dv\u011b takto odhodlan\u00e9 \u017eeny \u017e\u00edt ve spole\u010dn\u00e9 dom\u00e1cnosti, je todal\u0161\u00ed smyslupln\u00fd krok na jejich cest\u011b k nez\u00e1vislosti. Mohou si vz\u00e1jemn\u011b nesm\u00edrn\u011b hodnotn\u00fdm zp\u016fsobem vypomoci\t\tPlat\u00ed spole\u010dn\u011b n\u00e1jem,co\u017e jim umo\u017e\u0148uje vyj\u00edt s omezen\u00fdm rozpo\u010dtem nebo dokonce n\u011bco m\u00e1lo u\u0161et\u0159it\t\tMaj\u00ed zaji\u0161t\u011bno hl\u00edd\u00e1n\u00ed.Mohou si vz\u00e1jemn\u011b hl\u00eddat d\u011bti, co\u017e jim umo\u017e\u0148uje za\u010dlenit se do zam\u011bstnaneck\u00e9ho procesu\t\tOb\u011b znaj\u00ed stejn\u00fd druh probl\u00e9m\u016f,kter\u00e9 jsou pro v\u011bt\u0161inu lid\u00ed nep\u0159edstaviteln\u00e9, d\u00edky \u010demu\u017e si mohou b\u00fdt velkou oporou\t\t\u017deny, kter\u00e9 si pro\u0161ly zku\u0161enost\u00ed azylov\u00fdch dom\u016f, obvyklenemaj\u00ed z\u00e1zem\u00ed rodiny, toto je pro tyto \u017eeny a hlavn\u011b jejich d\u011bt\u00ed ur\u010ditou kompenzac\u00ed ne\u00fapln\u00e9 rodiny                                                                                                                                                                                                                                                                                                                                                                                        4.1\/5 - (12 votes)        "},{"@context":"https:\/\/schema.org\/","@type":"BreadcrumbList","itemListElement":[{"@type":"ListItem","position":1,"name":"Vyj\u00edt do norm\u00e1ln\u00edho \u017eivota","item":"https:\/\/www.soszs.cz\/vyjit-do-normalniho-zivota\/#breadcrumbitem"}]}]