[{"@context":"https:\/\/schema.org\/","@type":"Article","@id":"https:\/\/www.soszs.cz\/dnes-uz-vice-nez-snadne\/#Article","mainEntityOfPage":"https:\/\/www.soszs.cz\/dnes-uz-vice-nez-snadne\/","headline":"Dnes u\u017e v\u00edce ne\u017e snadn\u00e9","name":"Dnes u\u017e v\u00edce ne\u017e snadn\u00e9","description":"Pat\u0159\u00edte i vy k lidem, kte\u0159\u00ed miluj\u00ed l\u00e9to obzvl\u00e1\u0161t\u011b z jednoho prost\u00e9ho d\u016fvodu \u2013 tr\u00e1vit&#8230;<div class=\"more-link-wrapper\"><a class=\"more-link\" href=\"https:\/\/www.soszs.cz\/dnes-uz-vice-nez-snadne\/\">\u010c\u00edst cel\u00fd \u010dl\u00e1nek<span class=\"screen-reader-text\">Dnes u\u017e v\u00edce ne\u017e snadn\u00e9<\/span><\/a><\/div>","datePublished":"2018-08-26","dateModified":"2023-04-29","author":{"@type":"Person","@id":"https:\/\/www.soszs.cz\/author\/#Person","name":"soszs.cz\n","url":"https:\/\/www.soszs.cz\/author\/","identifier":1,"image":{"@type":"ImageObject","@id":"https:\/\/secure.gravatar.com\/avatar\/f7320ca526354d2794ceb75173050bfa147af8617816df401a16569341b5fbaf?s=96&d=mm&r=g","url":"https:\/\/secure.gravatar.com\/avatar\/f7320ca526354d2794ceb75173050bfa147af8617816df401a16569341b5fbaf?s=96&d=mm&r=g","height":96,"width":96}},"publisher":{"@type":"Organization","name":"soszs.cz","logo":{"@type":"ImageObject","@id":"\/logo.png","url":"\/logo.png","width":600,"height":60}},"image":{"@type":"ImageObject","@id":"https:\/\/www.soszs.cz\/wp-content\/uploads\/img_a323476_w2002_t1535136662.jpg","url":"https:\/\/www.soszs.cz\/wp-content\/uploads\/img_a323476_w2002_t1535136662.jpg","height":0,"width":0},"url":"https:\/\/www.soszs.cz\/dnes-uz-vice-nez-snadne\/","about":["Kr\u00e1sa"],"wordCount":478,"articleBody":"Pat\u0159\u00edte i vy k lidem, kte\u0159\u00ed miluj\u00ed l\u00e9to obzvl\u00e1\u0161t\u011b z jednoho prost\u00e9ho d\u016fvodu \u2013 tr\u00e1vit \u010das na slun\u00ed\u010dku a opalovat se \u201eod vid\u00edm do nevid\u00edm\u201c? Pokud ano, je naprosto jasn\u00e9, \u017ee v\u00e1s odchod tohoto h\u0159ejiv\u00e9ho obdob\u00ed nejen zklame, ale i zarmout\u00ed. Kdy\u017e u\u017e milujete pocit sn\u011bd\u00e9 poko\u017eky a c\u00edt\u00edte se v n\u00ed daleko p\u0159ita\u017eliv\u011bj\u0161\u00ed a jist\u011bj\u0161\u00ed ne\u017e jindy, rozhl\u00e9dn\u011bte se po jin\u00e9 alternativ\u011b, kter\u00e1 v\u00e1m spln\u00ed v\u00e1\u0161 sen v pr\u016fb\u011bhu cel\u00e9ho roku.\tNejen v l\u00e9t\u011b, ale i v zim\u011bSkv\u011bl\u00e9 na um\u011bl\u00e9m op\u00e1len\u00ed je to, \u017ee si ho m\u016f\u017eete neomezen\u011b dop\u0159\u00e1t v kter\u00e9mkoliv ro\u010dn\u00edm obdob\u00ed. Sol\u00e1rium v\u00e1m toti\u017e poskytne slu\u017eby op\u00e1len\u00ed i v dob\u011b, kdy venku po slun\u00ed\u010dku nebude ani zm\u00ednka. Nav\u00edc je to daleko komfortn\u011bj\u0161\u00ed volba i d\u00edky tomu, \u017ee se pobyt v sol\u00e1riu \u0159ad\u00ed mezi minutovou z\u00e1le\u017eitost. Nemus\u00edte v n\u011bm tedy tr\u00e1vit hodiny \u010dasu, jak tomu b\u00fdv\u00e1 v hork\u00fdch dnech p\u0159ev\u00e1\u017en\u011b v poledn\u00edch hodin\u00e1ch, ale volbu intenzity a \u010dasu, si m\u016f\u017eete zvolit dle va\u0161eho uv\u00e1\u017een\u00ed a mo\u017enost\u00ed.Op\u00e1lit se formou um\u011bl\u00e9ho oz\u00e1\u0159en\u00ed je dobr\u00e9 i v p\u0159\u00edpad\u011b, \u017ee se v zim\u011b chyst\u00e1te na dovolenou. Va\u0161e poko\u017eka tak slun\u00ed\u010dko v jin\u00e9 zemi p\u0159iv\u00edt\u00e1 mnohem l\u00e9pe, ne\u017e by tomu tak bylo v p\u0159\u00edpad\u011b bled\u00e9 k\u016f\u017ee. Budete m\u00edt tak jistotu, \u017ee se hned v prvn\u00edch dnech o\u0161kliv\u011b nesp\u00e1l\u00edte.\tHn\u011bd\u00e1 se nep\u0159estane nosit a l\u00e1k\u00e1 nov\u00e9 objektyPokud je v\u00e1m tmav\u0161\u00ed typ poko\u017eky bli\u017e\u0161\u00ed, nen\u00ed se \u010demu divit. Hn\u011bd\u00fd odst\u00edn je ve skute\u010dnosti daleko v\u00edce obl\u00edben\u00fd a p\u0159itahuje nov\u00e9 objevy, jestli u\u017e nem\u00e1te po sv\u00e9m boku v\u00e1\u0161 prot\u011bj\u0161ek. Tak n\u011bjak sn\u011bd\u00e1 poko\u017eka i p\u0159id\u00e1 na va\u0161em sebev\u011bdom\u00ed, proto\u017ee se s n\u00ed v chladn\u011bj\u0161\u00edm po\u010das\u00ed ztrat\u00ed i pocit zarudnut\u00ed k\u016f\u017ee. Mo\u017en\u00e1 ne \u00fapln\u011b, ale do zna\u010dn\u00e9 m\u00edry nebude tolik patrn\u00fd, co samoz\u0159ejm\u011b uv\u00edt\u00e1 ka\u017ed\u00fd. Op\u00e1len\u00ed v sol\u00e1riu je bezpochyby nejen luxusn\u00ed z\u00e1le\u017eitost\u00ed, co se t\u00fd\u010de va\u0161eho vzhledu, ale tak\u00e9 \u010dasov\u011b pohodln\u00e9 a bezpracn\u00e9.Dnes u\u017e m\u00e1te k dispozici n\u011bkolik sol\u00e1ri\u00ed, kter\u00e9 jsou i v men\u0161\u00edch m\u011bstech velmi popul\u00e1rn\u00ed. Samoz\u0159ejm\u011b nezapom\u00ednejte na ty zn\u00e1m\u00e9 a vyhl\u00e1\u0161en\u00e9, kter\u00e9 jsou p\u0159ev\u00e1\u017en\u011b v Brn\u011b a v Praze. Nalezete jich tam hned n\u011bkolik a budete m\u00edt z \u010deho si vyb\u00edrat, uvid\u00edte.                                                                                                                                                                                                                                                                                                                                                                                        4.5\/5 - (8 votes)        "},{"@context":"https:\/\/schema.org\/","@type":"BreadcrumbList","itemListElement":[{"@type":"ListItem","position":1,"name":"Dnes u\u017e v\u00edce ne\u017e snadn\u00e9","item":"https:\/\/www.soszs.cz\/dnes-uz-vice-nez-snadne\/#breadcrumbitem"}]}]